{"id":1821,"date":"2025-01-23T09:39:26","date_gmt":"2025-01-23T12:39:26","guid":{"rendered":"https:\/\/lucasvasconcelos.com.br\/bumper\/?p=1821"},"modified":"2025-01-23T09:39:26","modified_gmt":"2025-01-23T12:39:26","slug":"como-encontrar-o-presente-ideal-para-sua-mae","status":"publish","type":"post","link":"https:\/\/lucasvasconcelos.com.br\/bumper\/2025\/01\/23\/como-encontrar-o-presente-ideal-para-sua-mae\/","title":{"rendered":"Como encontrar o presente ideal para sua m\u00e3e"},"content":{"rendered":"\n<p>Na psicologia Junguiana, o arqu\u00e9tipo de M\u00e3e \u00e9 caracterizado pelo amor, carinho e prote\u00e7\u00e3o da figura materna e a conex\u00e3o com o pr\u00f3ximo. \u00c9 uma figura presente desde a tenra idade que auxilia no desenvolvimento humano, presente nas representa\u00e7\u00f5es mitol\u00f3gicas e difundido ao longo dos s\u00e9culos em cada cultura.<\/p>\n\n\n\n<p>A celebra\u00e7\u00e3o do Dia das M\u00e3es surgiu no in\u00edcio do s\u00e9culo 20 nos Estados Unidos, j\u00e1 no Brasil passou a fazer parte do nosso calend\u00e1rio ap\u00f3s o decreto do ent\u00e3o presidente Get\u00falio Vargas e passou a ser comemorada no segundo domingo de maio, sem uma data fixa.<\/p>\n\n\n\n<p>O que surgiu como uma homenagem passou a integrar o calend\u00e1rio comercial, tornando-se a 2\u00b0 data mais importante e rent\u00e1vel atr\u00e1s do Natal, o que n\u00e3o facilitou o desafio na hora de escolher o presente. Afinal, op\u00e7\u00f5es n\u00e3o faltam!<\/p>\n\n\n\n<p>Dos tradicionais aos mais mirabolantes, o presente ideal simboliza tudo que sua m\u00e3e representa e a faz se sentir especial nesse dia. Perfumes, roupas, flores, infinitas possibilidades, mas \u00e9 preciso conhec\u00ea-la para realizar uma boa escolha. E pensando nisso, viemos ajud\u00e1-los nessa miss\u00e3o t\u00e3o especial!<\/p>\n\n\n\n<h2 class=\"wp-block-heading\">Tecnol\u00f3gica<\/h2>\n\n\n\n<p>Para as m\u00e3es antenadas nos \u00faltimos lan\u00e7amentos tecnol\u00f3gicos, o presente ideal varia entre&nbsp;<strong>smartphones<\/strong>,<strong>&nbsp;tablets<\/strong>,&nbsp;<strong>leitor digital<\/strong>, dentre outros, por permitir que se mantenha 100% conectada com tudo que rola no mundo. Al\u00e9m de conseguir conversar com voc\u00ea sempre que quiser&nbsp;\ud83d\ude09<\/p>\n\n\n\n<h2 class=\"wp-block-heading\">Fitness<\/h2>\n\n\n\n<p>Se sua m\u00e3e est\u00e1 sempre procurando formas de cuidar da sa\u00fade por meio de exerc\u00edcios ou da alimenta\u00e7\u00e3o saud\u00e1vel, o presente ideal est\u00e1 entre&nbsp;<strong>smartwatches<\/strong>&nbsp;para acompanhar os treinos,&nbsp;<strong>purificadores de \u00e1gua<\/strong>&nbsp;para se manter hidratada e as&nbsp;<strong>fritadeiras air fryer<\/strong>&nbsp;para receitinhas fit. Afinal, cuidar da sa\u00fade \u00e9 muito importante!<\/p>\n\n\n\n<h2 class=\"wp-block-heading\">Dona de casa<\/h2>\n\n\n\n<p>Agora, se sua m\u00e3e \u00e9 \u201cviciada em limpeza\u201d e manter a casa organizada, o presente ideal \u00e9, sem sombra de d\u00favidas, um<strong>&nbsp;aspirador vertical<\/strong>&nbsp;para ajudar na faxina e tirar o pelo dos pets. Esse aux\u00edlio permite que fa\u00e7a alguma atividade extra ou tire um momento para relaxar, porque ela merece!<\/p>\n\n\n\n<h2 class=\"wp-block-heading\">Cozinheira<\/h2>\n\n\n\n<p>Para aquela m\u00e3e que \u00e9 uma cozinheira de m\u00e3o cheia e tem a melhor comida do mundo, o presente ideal s\u00e3o infinitas!&nbsp;<strong>Panela de press\u00e3o el\u00e9trica<\/strong>,&nbsp;<strong>cafeteira<\/strong>,&nbsp;<strong>sanduicheira<\/strong>,&nbsp;<strong>liquidificador<\/strong>, dentre outras op\u00e7\u00f5es far\u00e3o sua m\u00e3e agradecer por tornar o preparo de receitas especiais mais pr\u00e1tico. J\u00e1 consegue sentir o cheirinho da comida de m\u00e3e? Yummy&nbsp;\ud83d\ude0b<\/p>\n\n\n\n<p>Como mostramos, as possibilidades de presentes s\u00e3o infinitas para cada tipo de m\u00e3e. Aproveitem essa data t\u00e3o especial para celebrar o amor de m\u00e3e e homenage\u00e1-la por todo cuidado, amor e prote\u00e7\u00e3o que crescemos sentindo. Esteja presente de forma f\u00edsica ou remota e sinta o amor que apenas uma m\u00e3e \u00e9 capaz de oferecer.<\/p>\n","protected":false},"excerpt":{"rendered":"<p>Na psicologia Junguiana, o arqu\u00e9tipo de M\u00e3e \u00e9 caracterizado pelo amor, carinho e prote\u00e7\u00e3o da figura materna e a conex\u00e3o com o pr\u00f3ximo. \u00c9 uma figura presente desde a tenra idade que auxilia no desenvolvimento humano, presente nas representa\u00e7\u00f5es mitol\u00f3gicas e difundido ao longo dos s\u00e9culos em cada cultura. A celebra\u00e7\u00e3o do Dia das M\u00e3es [&hellip;]<\/p>\n","protected":false},"author":1,"featured_media":1827,"comment_status":"closed","ping_status":"open","sticky":false,"template":"","format":"standard","meta":{"footnotes":""},"categories":[1],"tags":[],"class_list":["post-1821","post","type-post","status-publish","format-standard","has-post-thumbnail","hentry","category-sem-categoria"],"_links":{"self":[{"href":"https:\/\/lucasvasconcelos.com.br\/bumper\/wp-json\/wp\/v2\/posts\/1821","targetHints":{"allow":["GET"]}}],"collection":[{"href":"https:\/\/lucasvasconcelos.com.br\/bumper\/wp-json\/wp\/v2\/posts"}],"about":[{"href":"https:\/\/lucasvasconcelos.com.br\/bumper\/wp-json\/wp\/v2\/types\/post"}],"author":[{"embeddable":true,"href":"https:\/\/lucasvasconcelos.com.br\/bumper\/wp-json\/wp\/v2\/users\/1"}],"replies":[{"embeddable":true,"href":"https:\/\/lucasvasconcelos.com.br\/bumper\/wp-json\/wp\/v2\/comments?post=1821"}],"version-history":[{"count":1,"href":"https:\/\/lucasvasconcelos.com.br\/bumper\/wp-json\/wp\/v2\/posts\/1821\/revisions"}],"predecessor-version":[{"id":1830,"href":"https:\/\/lucasvasconcelos.com.br\/bumper\/wp-json\/wp\/v2\/posts\/1821\/revisions\/1830"}],"wp:featuredmedia":[{"embeddable":true,"href":"https:\/\/lucasvasconcelos.com.br\/bumper\/wp-json\/wp\/v2\/media\/1827"}],"wp:attachment":[{"href":"https:\/\/lucasvasconcelos.com.br\/bumper\/wp-json\/wp\/v2\/media?parent=1821"}],"wp:term":[{"taxonomy":"category","embeddable":true,"href":"https:\/\/lucasvasconcelos.com.br\/bumper\/wp-json\/wp\/v2\/categories?post=1821"},{"taxonomy":"post_tag","embeddable":true,"href":"https:\/\/lucasvasconcelos.com.br\/bumper\/wp-json\/wp\/v2\/tags?post=1821"}],"curies":[{"name":"wp","href":"https:\/\/api.w.org\/{rel}","templated":true}]}}